{"id":1633,"date":"2025-06-17T11:05:00","date_gmt":"2025-06-17T11:05:00","guid":{"rendered":"https:\/\/vslichtenegg.ac.at\/?p=1633"},"modified":"2026-02-16T09:14:27","modified_gmt":"2026-02-16T09:14:27","slug":"cooler-wandertag-mit-den-vorschulkindern","status":"publish","type":"post","link":"https:\/\/vslichtenegg.ac.at\/?p=1633","title":{"rendered":"Cooler Wandertag mit den Vorschulkindern"},"content":{"rendered":"\n<p>Am Dienstag, den 17. Juni wanderten die Kinder der 1. und 2. Schulstufe gemeinsam mit den Vorschulkindern zur Familie Zitterbayer in die Tafern. Dort findet man an Klein- und Gro\u00dftieren, was ein Kinderherz begehrt. H\u00fchner durften gef\u00fcttert werden, Hasen gestreichelt und die beiden Ponys wurden wundervollst mit B\u00e4ndern geschm\u00fcckt.\u00a0Zum Abschluss gab es noch ein leckeres Eis.<\/p>\n\n\n\n<p>Ein gro\u00dfes Dankesch\u00f6n an Familie Sabine und Stefan Zitterbayer, dass sie uns diesen tierischen Vormittag wieder erm\u00f6glicht haben.<\/p>\n","protected":false},"excerpt":{"rendered":"<p>Am Dienstag, den 17. Juni wanderten die Kinder der 1. und 2. Schulstufe gemeinsam mit den Vorschulkindern zur Familie Zitterbayer in die Tafern. Dort findet man an Klein- und Gro\u00dftieren, was ein Kinderherz begehrt. H\u00fchner durften gef\u00fcttert werden, Hasen gestreichelt und die beiden Ponys wurden wundervollst mit B\u00e4ndern geschm\u00fcckt.\u00a0Zum Abschluss gab es noch ein leckeres [&hellip;]<\/p>\n","protected":false},"author":3,"featured_media":1631,"comment_status":"closed","ping_status":"open","sticky":false,"template":"","format":"standard","meta":[],"categories":[6],"tags":[],"_links":{"self":[{"href":"https:\/\/vslichtenegg.ac.at\/index.php?rest_route=\/wp\/v2\/posts\/1633"}],"collection":[{"href":"https:\/\/vslichtenegg.ac.at\/index.php?rest_route=\/wp\/v2\/posts"}],"about":[{"href":"https:\/\/vslichtenegg.ac.at\/index.php?rest_route=\/wp\/v2\/types\/post"}],"author":[{"embeddable":true,"href":"https:\/\/vslichtenegg.ac.at\/index.php?rest_route=\/wp\/v2\/users\/3"}],"replies":[{"embeddable":true,"href":"https:\/\/vslichtenegg.ac.at\/index.php?rest_route=%2Fwp%2Fv2%2Fcomments&post=1633"}],"version-history":[{"count":1,"href":"https:\/\/vslichtenegg.ac.at\/index.php?rest_route=\/wp\/v2\/posts\/1633\/revisions"}],"predecessor-version":[{"id":1634,"href":"https:\/\/vslichtenegg.ac.at\/index.php?rest_route=\/wp\/v2\/posts\/1633\/revisions\/1634"}],"wp:featuredmedia":[{"embeddable":true,"href":"https:\/\/vslichtenegg.ac.at\/index.php?rest_route=\/wp\/v2\/media\/1631"}],"wp:attachment":[{"href":"https:\/\/vslichtenegg.ac.at\/index.php?rest_route=%2Fwp%2Fv2%2Fmedia&parent=1633"}],"wp:term":[{"taxonomy":"category","embeddable":true,"href":"https:\/\/vslichtenegg.ac.at\/index.php?rest_route=%2Fwp%2Fv2%2Fcategories&post=1633"},{"taxonomy":"post_tag","embeddable":true,"href":"https:\/\/vslichtenegg.ac.at\/index.php?rest_route=%2Fwp%2Fv2%2Ftags&post=1633"}],"curies":[{"name":"wp","href":"https:\/\/api.w.org\/{rel}","templated":true}]}}